{"id":4405529,"date":"2021-06-01T16:57:00","date_gmt":"2021-06-01T14:57:00","guid":{"rendered":"https:\/\/batiq.org\/recherche-ems-accessibles-et-inclusives\/"},"modified":"2023-01-05T08:49:55","modified_gmt":"2023-01-05T07:49:55","slug":"recherche-ems-accessibles-et-inclusives","status":"publish","type":"post","link":"https:\/\/batiq.org\/fr\/recherche-ems-accessibles-et-inclusives\/","title":{"rendered":"Recherche EMS accessibles et inclusives"},"content":{"rendered":"&#13;\n<p><p>Depuis BAT\u00cfQ nous croyons en la n\u00e9cessit\u00e9 de repenser le mod\u00e8le actuel des r\u00e9sidences et c\u2019est pourquoi nous d\u00e9veloppons un outil m\u00e9thodologique qui permet d\u2019analyser, \u00e9valuer et g\u00e9n\u00e9rer des propositions d\u2019intervention qui servent \u00e0 repenser l\u2019habitat des maisons de retraite existantes.<\/p><\/p>&#13;\n&#13;\n<p>Les solutions et les r\u00e9formes propos\u00e9es adapteront les r\u00e9sidences de mani\u00e8re \u00e0 leur donner les moyens d\u2019am\u00e9liorer la qualit\u00e9 de vie des r\u00e9sidents et leur bien-\u00eatre, ainsi que celui de leurs proches et de leur personnel. Il s\u2019agirait notamment :<\/p>&#13;\n&#13;\n<ul>&#13;\n<li>Cr\u00e9er des espaces communs \u00e0 une \u00e9chelle plus domestique qui favorise la rencontre entre les r\u00e9sidents et la rencontre avec leurs familles et leurs amis dans un environnement plus chaleureux et plus intime.<\/li>&#13;\n<li>Faciliter la personnalisation des pi\u00e8ces et des espaces communs comme expression de l\u2019identit\u00e9, pour favoriser le sentiment d\u2019appartenance et le d\u00e9veloppement de liens affectifs avec l\u2019environnement. De m\u00eame, la possibilit\u00e9 de porter certains meubles et souvenirs a des effets positifs sur la pr\u00e9vention de la d\u00e9mence s\u00e9nile.<\/li>&#13;\n<li>Envisager la possibilit\u00e9 que l\u2019espace des chambres pr\u00e9sente suffisamment de flexibilit\u00e9 pour pouvoir les regrouper dans le cas des couples, des familles, des amis&#8230;<\/li>&#13;\n<li>Permettre l\u2019interaction des r\u00e9sidents avec la vie du quartier. Regarder les enfants jouer ou les gens se promener dans des espaces o\u00f9 ils peuvent rester et se promener de mani\u00e8re ind\u00e9pendante et s\u00fbre.<\/li>&#13;\n<li>Assurer la plus grande autonomie possible des r\u00e9sidents en appliquant des crit\u00e8res d\u2019accessibilit\u00e9 physique, cognitive et sensorielle.<\/li>&#13;\n<\/ul>&#13;\n","protected":false},"excerpt":{"rendered":"<p>&#13; Depuis BAT\u00cfQ nous croyons en la n\u00e9cessit\u00e9 de repenser le mod\u00e8le actuel des r\u00e9sidences et c\u2019est pourquoi nous d\u00e9veloppons un outil m\u00e9thodologique qui permet d\u2019analyser, \u00e9valuer et g\u00e9n\u00e9rer des propositions d\u2019intervention qui servent \u00e0 repenser l\u2019habitat des maisons de retraite existantes. &#13; &#13; Les solutions et les r\u00e9formes propos\u00e9es adapteront les r\u00e9sidences de mani\u00e8re [&hellip;]<\/p>\n","protected":false},"author":4,"featured_media":4405117,"comment_status":"open","ping_status":"closed","sticky":false,"template":"","format":"standard","meta":{"_et_pb_use_builder":"off","_et_pb_old_content":"","_et_gb_content_width":"","footnotes":""},"categories":[40],"tags":[],"_links":{"self":[{"href":"https:\/\/batiq.org\/fr\/wp-json\/wp\/v2\/posts\/4405529"}],"collection":[{"href":"https:\/\/batiq.org\/fr\/wp-json\/wp\/v2\/posts"}],"about":[{"href":"https:\/\/batiq.org\/fr\/wp-json\/wp\/v2\/types\/post"}],"author":[{"embeddable":true,"href":"https:\/\/batiq.org\/fr\/wp-json\/wp\/v2\/users\/4"}],"replies":[{"embeddable":true,"href":"https:\/\/batiq.org\/fr\/wp-json\/wp\/v2\/comments?post=4405529"}],"version-history":[{"count":0,"href":"https:\/\/batiq.org\/fr\/wp-json\/wp\/v2\/posts\/4405529\/revisions"}],"wp:featuredmedia":[{"embeddable":true,"href":"https:\/\/batiq.org\/fr\/wp-json\/wp\/v2\/media\/4405117"}],"wp:attachment":[{"href":"https:\/\/batiq.org\/fr\/wp-json\/wp\/v2\/media?parent=4405529"}],"wp:term":[{"taxonomy":"category","embeddable":true,"href":"https:\/\/batiq.org\/fr\/wp-json\/wp\/v2\/categories?post=4405529"},{"taxonomy":"post_tag","embeddable":true,"href":"https:\/\/batiq.org\/fr\/wp-json\/wp\/v2\/tags?post=4405529"}],"curies":[{"name":"wp","href":"https:\/\/api.w.org\/{rel}","templated":true}]}}