{"id":4405541,"date":"2022-10-15T13:21:38","date_gmt":"2022-10-15T11:21:38","guid":{"rendered":"https:\/\/batiq.org\/promenade-de-jane-a-leganes\/"},"modified":"2023-01-05T09:19:39","modified_gmt":"2023-01-05T08:19:39","slug":"promenade-de-jane-a-leganes","status":"publish","type":"post","link":"https:\/\/batiq.org\/fr\/promenade-de-jane-a-leganes\/","title":{"rendered":"Promenade de Jane \u00e0 Legan\u00e9s"},"content":{"rendered":"<p>Nous commen\u00e7ons les Promenades de Jane \u00e0 Legan\u00e9s !<\/p>\n<p>Ce projet, organis\u00e9 conjointement avec l\u2019Universit\u00e9 Carlos III de Madrid (UC3M), l\u2019Universit\u00e9 Autonome de Madrid (UAM) et l\u2019INAECU, s\u2019inscrit dans le cadre du projet Villes Inclusives et Durables. Les municipalit\u00e9s de la Communaut\u00e9 de Madrid et l\u2019Agenda 2030. Il est r\u00e9alis\u00e9 en collaboration avec la CAM, le Fonds social europ\u00e9en de l\u2019Union europ\u00e9enne et la municipalit\u00e9 de Legan\u00e9s.<\/p>\n<p>Le projet vise \u00e0 r\u00e9soudre les probl\u00e8mes locaux et \u00e0 construire des villes plus inclusives en cr\u00e9ant des r\u00e9seaux de collaboration durables et en identifiant les bonnes pratiques d\u2019inclusion dans les localit\u00e9s madril\u00e8nes qui servent de r\u00e9f\u00e9rence pour d\u2019autres enclaves urbaines, et favorisent la r\u00e9duction des in\u00e9galit\u00e9s dans les villes.<\/p>\n<p>Atelier participatif\u00a0: 10\u00a0novembre\u00a02022. 18:30. Plaza de Espa\u00f1a 1, Legan\u00e9s.<\/p>\n<p>Promenade de Jane\u00a0: 19\u00a0novembre\u00a02022. 11:30. Plaza de Espa\u00f1a 1, Legan\u00e9s.<\/p>\n<p>Pr\u00e9sentation des r\u00e9sultats\u00a0: 13\u00a0d\u00e9cembre\u00a02022. Lieu \u00e0 confirmer.<\/p>\n","protected":false},"excerpt":{"rendered":"<p>Nous commen\u00e7ons les Promenades de Jane \u00e0 Legan\u00e9s ! Ce projet, organis\u00e9 conjointement avec l\u2019Universit\u00e9 Carlos III de Madrid (UC3M), l\u2019Universit\u00e9 Autonome de Madrid (UAM) et l\u2019INAECU, s\u2019inscrit dans le cadre du projet Villes Inclusives et Durables. Les municipalit\u00e9s de la Communaut\u00e9 de Madrid et l\u2019Agenda 2030. Il est r\u00e9alis\u00e9 en collaboration avec la CAM, [&hellip;]<\/p>\n","protected":false},"author":4,"featured_media":4405119,"comment_status":"open","ping_status":"closed","sticky":false,"template":"","format":"standard","meta":{"_et_pb_use_builder":"","_et_pb_old_content":"","_et_gb_content_width":"","footnotes":""},"categories":[40],"tags":[],"_links":{"self":[{"href":"https:\/\/batiq.org\/fr\/wp-json\/wp\/v2\/posts\/4405541"}],"collection":[{"href":"https:\/\/batiq.org\/fr\/wp-json\/wp\/v2\/posts"}],"about":[{"href":"https:\/\/batiq.org\/fr\/wp-json\/wp\/v2\/types\/post"}],"author":[{"embeddable":true,"href":"https:\/\/batiq.org\/fr\/wp-json\/wp\/v2\/users\/4"}],"replies":[{"embeddable":true,"href":"https:\/\/batiq.org\/fr\/wp-json\/wp\/v2\/comments?post=4405541"}],"version-history":[{"count":0,"href":"https:\/\/batiq.org\/fr\/wp-json\/wp\/v2\/posts\/4405541\/revisions"}],"wp:featuredmedia":[{"embeddable":true,"href":"https:\/\/batiq.org\/fr\/wp-json\/wp\/v2\/media\/4405119"}],"wp:attachment":[{"href":"https:\/\/batiq.org\/fr\/wp-json\/wp\/v2\/media?parent=4405541"}],"wp:term":[{"taxonomy":"category","embeddable":true,"href":"https:\/\/batiq.org\/fr\/wp-json\/wp\/v2\/categories?post=4405541"},{"taxonomy":"post_tag","embeddable":true,"href":"https:\/\/batiq.org\/fr\/wp-json\/wp\/v2\/tags?post=4405541"}],"curies":[{"name":"wp","href":"https:\/\/api.w.org\/{rel}","templated":true}]}}